[{"@context":"https:\/\/schema.org\/","@type":"Article","@id":"https:\/\/www.celebration.sk\/hotel-nie-radsej-iglu\/#Article","mainEntityOfPage":"https:\/\/www.celebration.sk\/hotel-nie-radsej-iglu\/","headline":"Hotel? Nie, rad\u0161ej iglu!","name":"Hotel? Nie, rad\u0161ej iglu!","description":"\u2022\u00a0\u00a0\u00a0\u00a0\u00a0\u00a0\u00a0\u00a0 Zd\u00e1 sa v\u00e1m, \u017ee u\u017e v\u00e1s v\u00e4\u010d\u0161ina pon\u00fakan\u00fdch slu\u017eieb nud\u00ed a h\u013ead\u00e1te nie\u010do in\u00e9? Chcete oddeli\u0165 stereotypn\u00fd \u017eivot hrubou \u010diarou? Tak v\u00e1m op\u00ed\u0161em slu\u017ebu,","datePublished":"2017-11-04","dateModified":"2023-04-25","author":{"@type":"Person","@id":"https:\/\/www.celebration.sk\/author\/#Person","name":"celebration.sk\n","url":"https:\/\/www.celebration.sk\/author\/","identifier":1,"image":{"@type":"ImageObject","@id":"https:\/\/secure.gravatar.com\/avatar\/93869824c8aa580f0d16049ad31e69846ffc925e0cbb2826cc9554f53943da69?s=96&d=mm&r=g","url":"https:\/\/secure.gravatar.com\/avatar\/93869824c8aa580f0d16049ad31e69846ffc925e0cbb2826cc9554f53943da69?s=96&d=mm&r=g","height":96,"width":96}},"publisher":{"@type":"Organization","name":"celebration.sk","logo":{"@type":"ImageObject","@id":"\/logo.png","url":"\/logo.png","width":600,"height":60}},"image":{"@type":"ImageObject","@id":"https:\/\/www.celebration.sk\/wp-content\/uploads\/img_a284230_w16470_t1515085428.jpg","url":"https:\/\/www.celebration.sk\/wp-content\/uploads\/img_a284230_w16470_t1515085428.jpg","height":0,"width":0},"url":"https:\/\/www.celebration.sk\/hotel-nie-radsej-iglu\/","about":["Slu\u017eby"],"wordCount":404,"articleBody":"\u2022\u00a0\u00a0\u00a0\u00a0\u00a0\u00a0\u00a0\u00a0 Zd\u00e1 sa v\u00e1m, \u017ee u\u017e v\u00e1s v\u00e4\u010d\u0161ina pon\u00fakan\u00fdch slu\u017eieb nud\u00ed a h\u013ead\u00e1te nie\u010do in\u00e9? Chcete oddeli\u0165 stereotypn\u00fd \u017eivot hrubou \u010diarou? Tak v\u00e1m op\u00ed\u0161em slu\u017ebu, ktor\u00e1 je ozaj netradi\u010dn\u00e1, no pritom zauj\u00edmav\u00e1 a budete ma\u0165 z\u00e1\u017eitok, na ktor\u00fd budete e\u0161te dlho spom\u00edna\u0165.Vysk\u00fa\u0161ajte prespa\u0165 jednu noc v origin\u00e1lnom iglu T\u00fato slu\u017ebu si m\u00f4\u017eete cez internet v pohode zajedna\u0165 a nep\u00f4jde o nejak\u00fd hl\u00fapy pr\u00edbytok u niekoho na dvore. Sprav\u00edte si v\u00fdlet do zasne\u017enej dedinky pod Alpsk\u00fdmi \u0161t\u00edtmi. Dedinka je zn\u00e1ma svojimi pr\u00edbytkami iglu, ktor\u00e9 si chodia turisti obzera\u0165, no m\u00f4\u017eete v nich aj prespa\u0165.Najsk\u00f4r v\u00e1s \u010dak\u00e1 pr\u00edemn\u00e9 uv\u00edtanie tamo\u0161\u00edch obyvate\u013eov, nesk\u00f4r sa nech\u00e1te previes\u0165 po tejto rozpr\u00e1vkovej dedinke a ako som spomenul, nakoniec m\u00f4\u017eete i prespa\u0165. Ale nemajte strach, s\u00fakromie a luxus bud\u00fa zabezpe\u010den\u00e9 i v t\u00fdchto podmienkach.Iglu je vhodn\u00e9 pre dve osoby, najlep\u0161ie pre za\u013e\u00faben\u00fd p\u00e1rik. V interi\u00e9ri n\u00e1jdete n\u00e1padit\u00e9 umeleck\u00e9 diela celosvetov\u00fdch umelcov.Ale ja viem, \u017ee od za\u010diatku rozm\u00fd\u0161\u013eate nad tou hroznou zimou, ktor\u00e1 tam bude.No \u017eiadne obavy, vo vn\u00fatri v\u00e1s bude \u010daka\u0165 ako prikr\u00fdvka hrub\u00e1 a kvalitn\u00e1 jah\u0148acia ko\u017ea. Okrem toho i tepl\u00e9 spac\u00e1ky. Toto \u00fatuln\u00e9 mieste\u010dko sa tak stane hrejiv\u00fdm.Je jasn\u00e9, \u017ee po takej dlhej ceste v\u00e1m vyhladne i vysm\u00e4dne.Preto sa priv\u00fdtanie za\u010dne pon\u00faknut\u00edm drinku, jednohubkami, tanierom s ob\u010derstven\u00edm a poh\u00e1rom Prosseca. Na ra\u0148ajky nav\u0161t\u00edvite i re\u0161taur\u00e1ciu.Pokia\u013e sa v\u00e1m e\u0161te nebude chcie\u0165 spa\u0165.Nav\u0161t\u00edvte okolit\u00e9 sauny, verejn\u00e9 v\u00edrivky, vysk\u00fa\u0161ajte si chodi\u0165 v sne\u017eniciach, alebo m\u00f4\u017eete vyu\u017ei\u0165 ve\u010dernej \u010di no\u010dnej prech\u00e1dzky po tejto snehom obklopenej dedinke. Je to len na v\u00e1s, no vo v\u0161etkom v\u00e1m m\u00f4\u017ee pom\u00f4c\u0165 okolit\u00fd person\u00e1l.Tento z\u00e1\u017eitok je vhodn\u00fd po\u010das zimn\u00fdch mesiacov a tieto slu\u017eby s\u00fa poskytovan\u00e9 vo \u0160vaj\u010diarsku, no i Zugspitze v Nemecku. Ak ste z in\u00e9ho \u0161t\u00e1tu, napr\u00edklad Slovenska, kompletn\u00fa slu\u017ebu si vybav\u00edte cez internet, no v cene nie je zahrnut\u00e1 doprava.\u00a0                                                                                                                                                                                                                                                                                                                                                                                        4\/5 - (4 votes)        "},{"@context":"https:\/\/schema.org\/","@type":"BreadcrumbList","itemListElement":[{"@type":"ListItem","position":1,"name":"Hotel? Nie, rad\u0161ej iglu!","item":"https:\/\/www.celebration.sk\/hotel-nie-radsej-iglu\/#breadcrumbitem"}]}]