[{"@context":"https:\/\/schema.org\/","@type":"Article","@id":"https:\/\/www.celebration.sk\/krcove-zily-nie-je-to-len-esteticky-problem-ale-nieco-zavaznejsie\/#Article","mainEntityOfPage":"https:\/\/www.celebration.sk\/krcove-zily-nie-je-to-len-esteticky-problem-ale-nieco-zavaznejsie\/","headline":"K\u0155\u010dov\u00e9 \u017eily: Nie je to len estetick\u00fd probl\u00e9m, ale nie\u010do z\u00e1va\u017enej\u0161ie!","name":"K\u0155\u010dov\u00e9 \u017eily: Nie je to len estetick\u00fd probl\u00e9m, ale nie\u010do z\u00e1va\u017enej\u0161ie!","description":"Pomerne ve\u013ea \u013eud\u00ed u\u017e na sebe spozorovali, \u017ee sa im robia ur\u010dit\u00e9 \u201e\u017eilky\u201c. \u010ci u\u017e tie men\u0161ie \u201emetli\u010dky\u201c alebo v in\u00fdch pr\u00edpadoch v\u00e4\u010d\u0161ie a nepekne","datePublished":"2021-01-15","dateModified":"2023-04-25","author":{"@type":"Person","@id":"https:\/\/www.celebration.sk\/author\/#Person","name":"celebration.sk\n","url":"https:\/\/www.celebration.sk\/author\/","identifier":1,"image":{"@type":"ImageObject","@id":"https:\/\/secure.gravatar.com\/avatar\/93869824c8aa580f0d16049ad31e69846ffc925e0cbb2826cc9554f53943da69?s=96&d=mm&r=g","url":"https:\/\/secure.gravatar.com\/avatar\/93869824c8aa580f0d16049ad31e69846ffc925e0cbb2826cc9554f53943da69?s=96&d=mm&r=g","height":96,"width":96}},"publisher":{"@type":"Organization","name":"celebration.sk","logo":{"@type":"ImageObject","@id":"\/logo.png","url":"\/logo.png","width":600,"height":60}},"image":{"@type":"ImageObject","@id":"https:\/\/www.celebration.sk\/wp-content\/uploads\/rifle,%20zadok.jpg","url":"https:\/\/www.celebration.sk\/wp-content\/uploads\/rifle,%20zadok.jpg","height":0,"width":0},"url":"https:\/\/www.celebration.sk\/krcove-zily-nie-je-to-len-esteticky-problem-ale-nieco-zavaznejsie\/","about":["Slu\u017eby"],"wordCount":422,"articleBody":"                Pomerne ve\u013ea \u013eud\u00ed u\u017e na sebe spozorovali, \u017ee sa im robia ur\u010dit\u00e9 \u201e\u017eilky\u201c. \u010ci u\u017e tie men\u0161ie \u201emetli\u010dky\u201c alebo v in\u00fdch pr\u00edpadoch v\u00e4\u010d\u0161ie a nepekne vidite\u013en\u00e9 varixy, ktor\u00e9 s\u00fa v\u0161ak v oboch pr\u00edpadoch nie\u010d\u00edm v\u00e1\u017enej\u0161\u00edm, ne\u017e len estetick\u00fdm probl\u00e9mom. S\u00edce ich najm\u00e4 zo za\u010diatku vn\u00edmame ako \u010disto estetick\u00fd probl\u00e9m a v\u00fdraznej\u0161ie n\u00e1s neobmedzuj\u00fa, aj tak je nutn\u00e9 im venova\u0165 pozornos\u0165, hlavne z h\u013eadiska toho, aby nepokro\u010dili to n\u00e1ro\u010dnej\u0161ieho \u0161t\u00e1dia. Do \u0161t\u00e1dia, v ktorom u\u017e za\u010dneme poci\u0165ova\u0165 napr\u00edklad \u201e\u0165a\u017ek\u00e9 nohy\u201c, ich boles\u0165 a svrbenie, \u010do ale nesk\u00f4r m\u00f4\u017ee prer\u00e1s\u0165 aj do v\u00e1\u017enej\u0161\u00edch zdravotn\u00fdch ochoren\u00ed a k ich z\u00e1palu. Naj\u010dastej\u0161ie s\u00fa to takzvan\u00e9 k\u0155\u010dov\u00e9 \u017eily na noh\u00e1ch, pr\u00edpadne aj v bl\u00edzkosti kone\u010dn\u00edka, kedy zas vrav\u00edme o takzvanej zlatej \u017eile.A koho sa tento najsk\u00f4r estetick\u00fd, n\u00e1sledne nepr\u00edjemn\u00fd a a\u017e zdravotn\u00fd probl\u00e9m dot\u00fdka? V\u00e4\u010d\u0161inou v tejto spojitosti vrav\u00edme o \u017een\u00e1ch, ale v\u00fdnimku pritom netvoria ani mu\u017ei \u010di deti. V\u0161eobecne sa v\u0161ak tento stav asi trikr\u00e1t \u010dastej\u0161ie vyskytuje pr\u00e1ve u \u017eien, no ako bolo spomenut\u00e9, ohrozi\u0165 m\u00f4\u017ee aj mu\u017eov \u010di dokonca deti.Ako to ale na sebe spozorujete? Tak prv\u00fdm varovn\u00fdm sign\u00e1lom je u\u017e fakt, \u017ee s\u00fa vidite\u013en\u00e9 aj men\u0161ie \u017eilky, tie metli\u010dky, \u010do v\u00e1s e\u0161te nemusia v\u00fdraznej\u0161ie obmedzova\u0165. S\u00fa to v\u0161ak aj hor\u0161ie pr\u00edznaky ako napr\u00edklad pocit \u0165a\u017ek\u00fdch n\u00f4h, ich svrbenie a nepr\u00edjemn\u00e9 k\u0155\u010de. Takisto intenz\u00edvnej\u0161ia boles\u0165 n\u00f4h a okrem vidite\u013en\u00fdch k\u0155\u010dov\u00fdch \u017e\u00edl sa m\u00f4\u017eu prida\u0165 aj ekz\u00e9my \u010di atypick\u00e9 sfarbenia ko\u017ee v postihnutej oblasti.Na vine v\u0161ak nemus\u00ed by\u0165 genetika. Je preto d\u00f4le\u017eit\u00e9, aby sme sa vyhli mnoh\u00fdm \u0161kodliv\u00fdm faktorom, ktor\u00e9 toto ochorenie sp\u00f4sobuj\u00fa.U \u017eien vznik k\u0155\u010dov\u00fdch \u017e\u00edl sp\u00f4sobuje tehotenstvo, ale aj antikoncepcia. U \u013eud\u00ed vo v\u0161eobecnosti potom pravideln\u00e9 dlh\u00e9 st\u00e1tie \u010di sedenie a nemenn\u00e1 poloha, s \u010d\u00edm sa via\u017ee aj nedostatok pohybu. Pozor si treba d\u00e1va\u0165 aj na nevhodn\u00fa obuv, resp. s vysok\u00fdmi podp\u00e4tkami. \u0160kodliv\u00fdm faktorom je tie\u017e nadv\u00e1ha, konzum\u00e1cia slan\u00fdch jed\u00e1l a faj\u010denie.                                                                                                                                                                                                                                                                                                                                                                                          4.7\/5 - (7 votes)        "},{"@context":"https:\/\/schema.org\/","@type":"BreadcrumbList","itemListElement":[{"@type":"ListItem","position":1,"name":"K\u0155\u010dov\u00e9 \u017eily: Nie je to len estetick\u00fd probl\u00e9m, ale nie\u010do z\u00e1va\u017enej\u0161ie!","item":"https:\/\/www.celebration.sk\/krcove-zily-nie-je-to-len-esteticky-problem-ale-nieco-zavaznejsie\/#breadcrumbitem"}]}]